{"id":537,"date":"2016-02-11T12:53:42","date_gmt":"2016-02-11T18:53:42","guid":{"rendered":"http:\/\/immar-amaxac.org\/wp\/?p=537"},"modified":"2023-01-24T10:39:10","modified_gmt":"2023-01-24T16:39:10","slug":"resena-historica-de-la-iglesia","status":"publish","type":"post","link":"https:\/\/immar-amaxac.org\/wp\/blog\/2016\/02\/11\/resena-historica-de-la-iglesia\/","title":{"rendered":"Rese\u00f1a historica de la Iglesia"},"content":{"rendered":"<p style=\"text-align: justify;\">La hermana Adriana Hern\u00e1ndez, Licenciada&nbsp;en Historia, junto con el Pastor de la Iglesia, Narciso Cortez. Realizaron una rese\u00f1a hist\u00f3rica que es presentada en la primera celebraci\u00f3n del aniversario de la Iglesia \u00abEl Divino Salvador\u00bb de Amaxac de Guerrero.<\/p>\n<p style=\"text-align: justify;\">Damos gracias a Dios por sus vidas y por esta gran aportaci\u00f3n a la Iglesia.<\/p>\n<p><iframe loading=\"lazy\" title=\"Rese\u00f1a Historica de la Iglesia\" width=\"700\" height=\"394\" src=\"https:\/\/www.youtube.com\/embed\/videoseries?list=PL448-6q-4dUgmR3_G2csFiTrsKWGLmvXR\" frameborder=\"0\" allow=\"accelerometer; autoplay; clipboard-write; encrypted-media; gyroscope; picture-in-picture; web-share\" allowfullscreen><\/iframe><\/p>\n<!-- AddThis Advanced Settings generic via filter on the_content --><!-- AddThis Share Buttons generic via filter on the_content -->","protected":false},"excerpt":{"rendered":"<p>La hermana Adriana Hern\u00e1ndez, Licenciada&nbsp;en Historia, junto con el Pastor de la Iglesia, Narciso Cortez. Realizaron una rese\u00f1a hist\u00f3rica que es presentada en la primera celebraci\u00f3n del aniversario de la Iglesia \u00abEl Divino Salvador\u00bb de Amaxac de Guerrero. Damos gracias a Dios por sus vidas y por esta gran aportaci\u00f3n a la Iglesia.<!-- AddThis Advanced Settings generic via filter on get_the_excerpt --><!-- AddThis Share Buttons generic via filter on get_the_excerpt --><\/p>\n","protected":false},"author":1,"featured_media":0,"comment_status":"closed","ping_status":"closed","sticky":false,"template":"","format":"standard","meta":{"footnotes":""},"categories":[12],"tags":[23,24],"class_list":{"0":"entry","1":"post","2":"publish","3":"author-hiramtc","4":"post-537","6":"format-standard","7":"category-actividades-anuales","8":"post_tag-aniversario","9":"post_tag-historia"},"_links":{"self":[{"href":"https:\/\/immar-amaxac.org\/wp\/wp-json\/wp\/v2\/posts\/537","targetHints":{"allow":["GET"]}}],"collection":[{"href":"https:\/\/immar-amaxac.org\/wp\/wp-json\/wp\/v2\/posts"}],"about":[{"href":"https:\/\/immar-amaxac.org\/wp\/wp-json\/wp\/v2\/types\/post"}],"author":[{"embeddable":true,"href":"https:\/\/immar-amaxac.org\/wp\/wp-json\/wp\/v2\/users\/1"}],"replies":[{"embeddable":true,"href":"https:\/\/immar-amaxac.org\/wp\/wp-json\/wp\/v2\/comments?post=537"}],"version-history":[{"count":2,"href":"https:\/\/immar-amaxac.org\/wp\/wp-json\/wp\/v2\/posts\/537\/revisions"}],"predecessor-version":[{"id":1428,"href":"https:\/\/immar-amaxac.org\/wp\/wp-json\/wp\/v2\/posts\/537\/revisions\/1428"}],"wp:attachment":[{"href":"https:\/\/immar-amaxac.org\/wp\/wp-json\/wp\/v2\/media?parent=537"}],"wp:term":[{"taxonomy":"category","embeddable":true,"href":"https:\/\/immar-amaxac.org\/wp\/wp-json\/wp\/v2\/categories?post=537"},{"taxonomy":"post_tag","embeddable":true,"href":"https:\/\/immar-amaxac.org\/wp\/wp-json\/wp\/v2\/tags?post=537"}],"curies":[{"name":"wp","href":"https:\/\/api.w.org\/{rel}","templated":true}]}}