{"id":531,"date":"2016-02-11T12:16:54","date_gmt":"2016-02-11T18:16:54","guid":{"rendered":"http:\/\/immar-amaxac.org\/wp\/?p=531"},"modified":"2023-01-24T10:38:26","modified_gmt":"2023-01-24T16:38:26","slug":"culto-de-luces","status":"publish","type":"post","link":"https:\/\/immar-amaxac.org\/wp\/blog\/2016\/02\/11\/culto-de-luces\/","title":{"rendered":"Culto de Luces"},"content":{"rendered":"<p>En el <strong>Culto de Luces <\/strong>del 24 de Diciembre de 2015&nbsp;particip\u00f3 el <strong>Coro Infantil&nbsp;<\/strong>y el <strong>Coro Yadah&nbsp;<\/strong><\/p>\n<p>Damos gracias a Dios por la vida de los hermanos que han puesto gran empe\u00f1o en cada participaci\u00f3n.<\/p>\n<p>Dios les bendiga.<\/p>\n<p><iframe loading=\"lazy\" width=\"700\" height=\"394\" src=\"https:\/\/www.youtube.com\/embed\/videoseries?list=PL448-6q-4dUgDMoUp67HKzAqsbtBFkLnl\" frameborder=\"0\" allowfullscreen><\/iframe><\/p>\n<!-- AddThis Advanced Settings generic via filter on the_content --><!-- AddThis Share Buttons generic via filter on the_content -->","protected":false},"excerpt":{"rendered":"<p>En el Culto de Luces del 24 de Diciembre de 2015&nbsp;particip\u00f3 el Coro Infantil&nbsp;y el Coro Yadah&nbsp; Damos gracias a Dios por la vida de los hermanos que han puesto gran empe\u00f1o en cada participaci\u00f3n. Dios les bendiga.<!-- AddThis Advanced Settings generic via filter on get_the_excerpt --><!-- AddThis Share Buttons generic via filter on get_the_excerpt --><\/p>\n","protected":false},"author":1,"featured_media":0,"comment_status":"closed","ping_status":"closed","sticky":false,"template":"","format":"standard","meta":{"footnotes":""},"categories":[12],"tags":[21,22],"class_list":{"0":"entry","1":"post","2":"publish","3":"author-hiramtc","4":"post-531","6":"format-standard","7":"category-actividades-anuales","8":"post_tag-coro-infanitl","9":"post_tag-coro-yadah"},"_links":{"self":[{"href":"https:\/\/immar-amaxac.org\/wp\/wp-json\/wp\/v2\/posts\/531","targetHints":{"allow":["GET"]}}],"collection":[{"href":"https:\/\/immar-amaxac.org\/wp\/wp-json\/wp\/v2\/posts"}],"about":[{"href":"https:\/\/immar-amaxac.org\/wp\/wp-json\/wp\/v2\/types\/post"}],"author":[{"embeddable":true,"href":"https:\/\/immar-amaxac.org\/wp\/wp-json\/wp\/v2\/users\/1"}],"replies":[{"embeddable":true,"href":"https:\/\/immar-amaxac.org\/wp\/wp-json\/wp\/v2\/comments?post=531"}],"version-history":[{"count":3,"href":"https:\/\/immar-amaxac.org\/wp\/wp-json\/wp\/v2\/posts\/531\/revisions"}],"predecessor-version":[{"id":1427,"href":"https:\/\/immar-amaxac.org\/wp\/wp-json\/wp\/v2\/posts\/531\/revisions\/1427"}],"wp:attachment":[{"href":"https:\/\/immar-amaxac.org\/wp\/wp-json\/wp\/v2\/media?parent=531"}],"wp:term":[{"taxonomy":"category","embeddable":true,"href":"https:\/\/immar-amaxac.org\/wp\/wp-json\/wp\/v2\/categories?post=531"},{"taxonomy":"post_tag","embeddable":true,"href":"https:\/\/immar-amaxac.org\/wp\/wp-json\/wp\/v2\/tags?post=531"}],"curies":[{"name":"wp","href":"https:\/\/api.w.org\/{rel}","templated":true}]}}