{"id":223,"date":"2015-06-24T08:36:11","date_gmt":"2015-06-24T13:36:11","guid":{"rendered":"http:\/\/immar-amaxac.org\/wp\/?p=223"},"modified":"2020-05-23T17:17:04","modified_gmt":"2020-05-23T22:17:04","slug":"el-ejemplo-de-jairo","status":"publish","type":"post","link":"https:\/\/immar-amaxac.org\/wp\/blog\/2015\/06\/24\/el-ejemplo-de-jairo\/","title":{"rendered":"El ejemplo de Jairo"},"content":{"rendered":"<p>En nuestra cultura se considera al hombre como el ser fuerte, con dureza, de pocos sentimientos, poco expresivo.<br \/>\nPocos o muy pocos abren su coraz\u00f3n en momento de necesidad.<\/p>\n<p>En la Iglesia es muy com\u00fan escuchar relatos y testimonios de mujeres que desgarran su coraz\u00f3n ante el se\u00f1or en momentos de crisis, de enfermedad o de tribulaci\u00f3n. Poco se habla de un hombre que acude con desesperaci\u00f3n a Dios. En la sagrada escritura encontramos algunos ejemplos de hombres que abrieron su coraz\u00f3n. Nehemias, Job, David, Jairo.<br \/>\nEchemos un vistazo al relato de Jairo (Lucas 8:40-42, 50-56) un hombre l\u00edder en su comunidad, es principal de la sinagoga. Todo un l\u00edder religioso y social, siendo as\u00ed, en nuestros tiempos seria muy dif\u00edcil ver a un hombre dejando quebrantado con esa jerarqu\u00eda. No en el caso de Jairo, que dejando de lado todo formalismo y el que dir\u00e1n, abre su coraz\u00f3n al Se\u00f1or Jes\u00fas, cuando su necesidad es mayor, y claro su hija esta enferma.<br \/>\nNo solo se postra ante el Se\u00f1or, sino tambi\u00e9n le ruega que lleve bendici\u00f3n a su casa. El relato es hermoso porque recibe la petici\u00f3n de su coraz\u00f3n.<br \/>\nComo var\u00f3n de Dios ante la necesidad que ves en tu casa, en tu familia, en tu trabajo, en tu iglesia. \u00bfEres duro de coraz\u00f3n, te da miedo mostrar tu sentir? \u00bfO abres tu coraz\u00f3n al Se\u00f1or como Jairo y recibes la bendici\u00f3n de Dios para tu vida?<\/p>\n<p><a href=\"https:\/\/immar-amaxac.orgwp\/wp-content\/uploads\/2015\/06\/liderazgo-multinivel.jpg\"><img loading=\"lazy\" decoding=\"async\" class=\"aligncenter size-medium wp-image-226\" src=\"https:\/\/immar-amaxac.orgwp\/wp-content\/uploads\/2015\/06\/liderazgo-multinivel-300x225.jpg\" alt=\"Liderazgo\" width=\"300\" height=\"225\" srcset=\"https:\/\/immar-amaxac.org\/wp\/wp-content\/uploads\/2015\/06\/liderazgo-multinivel-300x225.jpg 300w, https:\/\/immar-amaxac.org\/wp\/wp-content\/uploads\/2015\/06\/liderazgo-multinivel.jpg 400w\" sizes=\"auto, (max-width: 300px) 100vw, 300px\" \/><\/a><\/p>\n<!-- AddThis Advanced Settings generic via filter on the_content --><!-- AddThis Share Buttons generic via filter on the_content -->","protected":false},"excerpt":{"rendered":"<p>En nuestra cultura se considera al hombre como el ser fuerte, con dureza, de pocos sentimientos, poco expresivo. Pocos o muy pocos abren su coraz\u00f3n en momento de necesidad. En la Iglesia es muy com\u00fan escuchar relatos y testimonios de mujeres que desgarran su coraz\u00f3n ante el se\u00f1or en momentos de crisis, de enfermedad o &#8230; <span class=\"more\"><a class=\"more-link\" href=\"https:\/\/immar-amaxac.org\/wp\/blog\/2015\/06\/24\/el-ejemplo-de-jairo\/\">[Read more&#8230;]<\/a><\/span><!-- AddThis Advanced Settings generic via filter on get_the_excerpt --><!-- AddThis Share Buttons generic via filter on get_the_excerpt --><\/p>\n","protected":false},"author":2,"featured_media":226,"comment_status":"closed","ping_status":"closed","sticky":false,"template":"","format":"standard","meta":{"footnotes":""},"categories":[5],"tags":[],"class_list":{"0":"entry","1":"post","2":"publish","3":"author-narcisocg","4":"post-223","6":"format-standard","7":"has-post-thumbnail","8":"category-editorial"},"_links":{"self":[{"href":"https:\/\/immar-amaxac.org\/wp\/wp-json\/wp\/v2\/posts\/223","targetHints":{"allow":["GET"]}}],"collection":[{"href":"https:\/\/immar-amaxac.org\/wp\/wp-json\/wp\/v2\/posts"}],"about":[{"href":"https:\/\/immar-amaxac.org\/wp\/wp-json\/wp\/v2\/types\/post"}],"author":[{"embeddable":true,"href":"https:\/\/immar-amaxac.org\/wp\/wp-json\/wp\/v2\/users\/2"}],"replies":[{"embeddable":true,"href":"https:\/\/immar-amaxac.org\/wp\/wp-json\/wp\/v2\/comments?post=223"}],"version-history":[{"count":2,"href":"https:\/\/immar-amaxac.org\/wp\/wp-json\/wp\/v2\/posts\/223\/revisions"}],"predecessor-version":[{"id":227,"href":"https:\/\/immar-amaxac.org\/wp\/wp-json\/wp\/v2\/posts\/223\/revisions\/227"}],"wp:featuredmedia":[{"embeddable":true,"href":"https:\/\/immar-amaxac.org\/wp\/wp-json\/wp\/v2\/media\/226"}],"wp:attachment":[{"href":"https:\/\/immar-amaxac.org\/wp\/wp-json\/wp\/v2\/media?parent=223"}],"wp:term":[{"taxonomy":"category","embeddable":true,"href":"https:\/\/immar-amaxac.org\/wp\/wp-json\/wp\/v2\/categories?post=223"},{"taxonomy":"post_tag","embeddable":true,"href":"https:\/\/immar-amaxac.org\/wp\/wp-json\/wp\/v2\/tags?post=223"}],"curies":[{"name":"wp","href":"https:\/\/api.w.org\/{rel}","templated":true}]}}