{"id":1312,"date":"2022-09-21T05:15:00","date_gmt":"2022-09-21T10:15:00","guid":{"rendered":"https:\/\/immar-amaxac.org\/wp\/?p=1312"},"modified":"2022-09-20T08:20:29","modified_gmt":"2022-09-20T13:20:29","slug":"devocional-matutino-21-de-septiembre-de-2022","status":"publish","type":"post","link":"https:\/\/immar-amaxac.org\/wp\/blog\/2022\/09\/21\/devocional-matutino-21-de-septiembre-de-2022\/","title":{"rendered":"Devocional matutino 21 de Septiembre de 2022"},"content":{"rendered":"\n<p>Si declaras abiertamente que Jes\u00fas es el Se\u00f1or y crees en tu coraz\u00f3n que Dios lo levant\u00f3 de los muertos,\u00a0ser\u00e1s\u00a0salvo.<\/p>\n\n\n\n<p><a href=\"https:\/\/drive.google.com\/file\/d\/1id1Hsc06RAKbssE7XPkCrkDbLXuEBeR1\/view?usp=sharing\" target=\"_blank\" rel=\"noreferrer noopener\">Audio Meditaci\u00f3n <\/a><\/p>\n\n\n\n<p>Oremos por arrepentimiento de nuestro\u00a0pecado<\/p>\n\n\n\n<p>Bendiciones<\/p>\n\n\n\n<p class=\"has-text-align-right\">Pastor Alfredo Serrano <\/p>\n<!-- AddThis Advanced Settings generic via filter on the_content --><!-- AddThis Share Buttons generic via filter on the_content -->","protected":false},"excerpt":{"rendered":"<p>Si declaras abiertamente que Jes\u00fas es el Se\u00f1or y crees en tu coraz\u00f3n que Dios lo levant\u00f3 de los muertos,\u00a0ser\u00e1s\u00a0salvo. Audio Meditaci\u00f3n Oremos por arrepentimiento de nuestro\u00a0pecado Bendiciones Pastor Alfredo Serrano<!-- AddThis Advanced Settings generic via filter on get_the_excerpt --><!-- AddThis Share Buttons generic via filter on get_the_excerpt --><\/p>\n","protected":false},"author":1,"featured_media":0,"comment_status":"closed","ping_status":"closed","sticky":false,"template":"","format":"standard","meta":{"footnotes":""},"categories":[40],"tags":[39],"class_list":{"0":"entry","1":"post","2":"publish","3":"author-hiramtc","4":"post-1312","6":"format-standard","7":"category-devmat","8":"post_tag-devocionalmatutino"},"_links":{"self":[{"href":"https:\/\/immar-amaxac.org\/wp\/wp-json\/wp\/v2\/posts\/1312","targetHints":{"allow":["GET"]}}],"collection":[{"href":"https:\/\/immar-amaxac.org\/wp\/wp-json\/wp\/v2\/posts"}],"about":[{"href":"https:\/\/immar-amaxac.org\/wp\/wp-json\/wp\/v2\/types\/post"}],"author":[{"embeddable":true,"href":"https:\/\/immar-amaxac.org\/wp\/wp-json\/wp\/v2\/users\/1"}],"replies":[{"embeddable":true,"href":"https:\/\/immar-amaxac.org\/wp\/wp-json\/wp\/v2\/comments?post=1312"}],"version-history":[{"count":1,"href":"https:\/\/immar-amaxac.org\/wp\/wp-json\/wp\/v2\/posts\/1312\/revisions"}],"predecessor-version":[{"id":1313,"href":"https:\/\/immar-amaxac.org\/wp\/wp-json\/wp\/v2\/posts\/1312\/revisions\/1313"}],"wp:attachment":[{"href":"https:\/\/immar-amaxac.org\/wp\/wp-json\/wp\/v2\/media?parent=1312"}],"wp:term":[{"taxonomy":"category","embeddable":true,"href":"https:\/\/immar-amaxac.org\/wp\/wp-json\/wp\/v2\/categories?post=1312"},{"taxonomy":"post_tag","embeddable":true,"href":"https:\/\/immar-amaxac.org\/wp\/wp-json\/wp\/v2\/tags?post=1312"}],"curies":[{"name":"wp","href":"https:\/\/api.w.org\/{rel}","templated":true}]}}