{"id":1231,"date":"2022-08-13T05:00:00","date_gmt":"2022-08-13T10:00:00","guid":{"rendered":"https:\/\/immar-amaxac.org\/wp\/?p=1231"},"modified":"2022-08-09T07:46:31","modified_gmt":"2022-08-09T12:46:31","slug":"devocional-matutino-13-de-agosto-de-2022","status":"publish","type":"post","link":"https:\/\/immar-amaxac.org\/wp\/blog\/2022\/08\/13\/devocional-matutino-13-de-agosto-de-2022\/","title":{"rendered":"Devocional matutino 13 de Agosto de 2022\u00a0"},"content":{"rendered":"\n<p>Si diera todo lo que tengo a los pobres y hasta sacrificara mi cuerpo, podr\u00eda jactarme de eso; pero si no amara a los dem\u00e1s, no habr\u00eda logrado nada.<\/p>\n\n\n\n<p><a href=\"https:\/\/drive.google.com\/file\/d\/1Mmm696PQ1dRmBG93S0xYKJuJOv62JJNj\/view?usp=sharing\" target=\"_blank\" rel=\"noreferrer noopener\">Audio<\/a><\/p>\n\n\n\n<p>Oremos por los administradores de nuestra iglesia.<\/p>\n\n\n\n<p>Dios te bendiga durante este d\u00eda<\/p>\n\n\n\n<p class=\"has-text-align-right\">Pastor Alfredo Serrano <\/p>\n<!-- AddThis Advanced Settings generic via filter on the_content --><!-- AddThis Share Buttons generic via filter on the_content -->","protected":false},"excerpt":{"rendered":"<p>Si diera todo lo que tengo a los pobres y hasta sacrificara mi cuerpo, podr\u00eda jactarme de eso; pero si no amara a los dem\u00e1s, no habr\u00eda logrado nada. Audio Oremos por los administradores de nuestra iglesia. Dios te bendiga durante este d\u00eda Pastor Alfredo Serrano<!-- AddThis Advanced Settings generic via filter on get_the_excerpt --><!-- AddThis Share Buttons generic via filter on get_the_excerpt --><\/p>\n","protected":false},"author":1,"featured_media":0,"comment_status":"closed","ping_status":"closed","sticky":false,"template":"","format":"standard","meta":{"footnotes":""},"categories":[40],"tags":[39],"class_list":{"0":"entry","1":"post","2":"publish","3":"author-hiramtc","4":"post-1231","6":"format-standard","7":"category-devmat","8":"post_tag-devocionalmatutino"},"_links":{"self":[{"href":"https:\/\/immar-amaxac.org\/wp\/wp-json\/wp\/v2\/posts\/1231","targetHints":{"allow":["GET"]}}],"collection":[{"href":"https:\/\/immar-amaxac.org\/wp\/wp-json\/wp\/v2\/posts"}],"about":[{"href":"https:\/\/immar-amaxac.org\/wp\/wp-json\/wp\/v2\/types\/post"}],"author":[{"embeddable":true,"href":"https:\/\/immar-amaxac.org\/wp\/wp-json\/wp\/v2\/users\/1"}],"replies":[{"embeddable":true,"href":"https:\/\/immar-amaxac.org\/wp\/wp-json\/wp\/v2\/comments?post=1231"}],"version-history":[{"count":1,"href":"https:\/\/immar-amaxac.org\/wp\/wp-json\/wp\/v2\/posts\/1231\/revisions"}],"predecessor-version":[{"id":1232,"href":"https:\/\/immar-amaxac.org\/wp\/wp-json\/wp\/v2\/posts\/1231\/revisions\/1232"}],"wp:attachment":[{"href":"https:\/\/immar-amaxac.org\/wp\/wp-json\/wp\/v2\/media?parent=1231"}],"wp:term":[{"taxonomy":"category","embeddable":true,"href":"https:\/\/immar-amaxac.org\/wp\/wp-json\/wp\/v2\/categories?post=1231"},{"taxonomy":"post_tag","embeddable":true,"href":"https:\/\/immar-amaxac.org\/wp\/wp-json\/wp\/v2\/tags?post=1231"}],"curies":[{"name":"wp","href":"https:\/\/api.w.org\/{rel}","templated":true}]}}