{"id":1216,"date":"2022-08-05T05:00:00","date_gmt":"2022-08-05T10:00:00","guid":{"rendered":"https:\/\/immar-amaxac.org\/wp\/?p=1216"},"modified":"2022-07-31T21:05:07","modified_gmt":"2022-08-01T02:05:07","slug":"devocional-matutino-5-de-agosto-de-2022","status":"publish","type":"post","link":"https:\/\/immar-amaxac.org\/wp\/blog\/2022\/08\/05\/devocional-matutino-5-de-agosto-de-2022\/","title":{"rendered":"Devocional matutino 5 de Agosto de 2022"},"content":{"rendered":"\n<p>Los parientes del pobre lo desprecian: \u00a1cu\u00e1nto m\u00e1s lo evitar\u00e1n sus amigos!<br>Por m\u00e1s que el pobre les ruegue,<br>los amigos ya no est\u00e1n.<\/p>\n\n\n\n<p><a href=\"https:\/\/drive.google.com\/file\/d\/1Jd332xEcNjZl5Jv3KPmYBM-ZQTxLO2wX\/view?usp=sharing\" target=\"_blank\" rel=\"noreferrer noopener\">Audio <\/a><\/p>\n\n\n\n<p>Les invito a hacer oraci\u00f3n por aquellos que nos han ofendido<\/p>\n\n\n\n<p>Bendiciones <\/p>\n\n\n\n<p class=\"has-text-align-right\">Pastor Alfredo  Serrano<\/p>\n<!-- AddThis Advanced Settings generic via filter on the_content --><!-- AddThis Share Buttons generic via filter on the_content -->","protected":false},"excerpt":{"rendered":"<p>Los parientes del pobre lo desprecian: \u00a1cu\u00e1nto m\u00e1s lo evitar\u00e1n sus amigos!Por m\u00e1s que el pobre les ruegue,los amigos ya no est\u00e1n. Audio Les invito a hacer oraci\u00f3n por aquellos que nos han ofendido Bendiciones Pastor Alfredo Serrano<!-- AddThis Advanced Settings generic via filter on get_the_excerpt --><!-- AddThis Share Buttons generic via filter on get_the_excerpt --><\/p>\n","protected":false},"author":1,"featured_media":0,"comment_status":"closed","ping_status":"closed","sticky":false,"template":"","format":"standard","meta":{"footnotes":""},"categories":[40],"tags":[39],"class_list":{"0":"entry","1":"post","2":"publish","3":"author-hiramtc","4":"post-1216","6":"format-standard","7":"category-devmat","8":"post_tag-devocionalmatutino"},"_links":{"self":[{"href":"https:\/\/immar-amaxac.org\/wp\/wp-json\/wp\/v2\/posts\/1216","targetHints":{"allow":["GET"]}}],"collection":[{"href":"https:\/\/immar-amaxac.org\/wp\/wp-json\/wp\/v2\/posts"}],"about":[{"href":"https:\/\/immar-amaxac.org\/wp\/wp-json\/wp\/v2\/types\/post"}],"author":[{"embeddable":true,"href":"https:\/\/immar-amaxac.org\/wp\/wp-json\/wp\/v2\/users\/1"}],"replies":[{"embeddable":true,"href":"https:\/\/immar-amaxac.org\/wp\/wp-json\/wp\/v2\/comments?post=1216"}],"version-history":[{"count":2,"href":"https:\/\/immar-amaxac.org\/wp\/wp-json\/wp\/v2\/posts\/1216\/revisions"}],"predecessor-version":[{"id":1220,"href":"https:\/\/immar-amaxac.org\/wp\/wp-json\/wp\/v2\/posts\/1216\/revisions\/1220"}],"wp:attachment":[{"href":"https:\/\/immar-amaxac.org\/wp\/wp-json\/wp\/v2\/media?parent=1216"}],"wp:term":[{"taxonomy":"category","embeddable":true,"href":"https:\/\/immar-amaxac.org\/wp\/wp-json\/wp\/v2\/categories?post=1216"},{"taxonomy":"post_tag","embeddable":true,"href":"https:\/\/immar-amaxac.org\/wp\/wp-json\/wp\/v2\/tags?post=1216"}],"curies":[{"name":"wp","href":"https:\/\/api.w.org\/{rel}","templated":true}]}}