{"id":1191,"date":"2022-07-28T00:51:00","date_gmt":"2022-07-28T05:51:00","guid":{"rendered":"https:\/\/immar-amaxac.org\/wp\/?p=1191"},"modified":"2022-07-24T00:51:58","modified_gmt":"2022-07-24T05:51:58","slug":"devocional-matutino-28-de-julio-de-2022","status":"publish","type":"post","link":"https:\/\/immar-amaxac.org\/wp\/blog\/2022\/07\/28\/devocional-matutino-28-de-julio-de-2022\/","title":{"rendered":"Devocional matutino 28 de Julio de 2022"},"content":{"rendered":"\n<p>Cuando Jes\u00fas lo vio y supo que hac\u00eda tanto que padec\u00eda la enfermedad, le pregunt\u00f3:<\/p>\n\n\n\n<p>\u2014\u00bfTe gustar\u00eda recuperar la salud? \u2014Es que no puedo, se\u00f1or\u2014contest\u00f3 el enfermo\u2014, porque no tengo a nadie que me meta en el estanque cuando se agita el agua. Siempre alguien llega antes que yo.<\/p>\n\n\n\n<p><a href=\"https:\/\/drive.google.com\/file\/d\/1HMLRr3Z2vB0gvzyTPrFI-7sAN85ILp_d\/view?usp=sharing\" target=\"_blank\" rel=\"noreferrer noopener\">Audio <\/a><\/p>\n\n\n\n<p>Oremos por las personas que est\u00e1n atadas por alg\u00fan vicio<\/p>\n\n\n\n<p>Dios te bendiga<\/p>\n\n\n\n<p class=\"has-text-align-right\">Pastor Alfredo Serrano <\/p>\n<!-- AddThis Advanced Settings generic via filter on the_content --><!-- AddThis Share Buttons generic via filter on the_content -->","protected":false},"excerpt":{"rendered":"<p>Cuando Jes\u00fas lo vio y supo que hac\u00eda tanto que padec\u00eda la enfermedad, le pregunt\u00f3: \u2014\u00bfTe gustar\u00eda recuperar la salud? \u2014Es que no puedo, se\u00f1or\u2014contest\u00f3 el enfermo\u2014, porque no tengo a nadie que me meta en el estanque cuando se agita el agua. Siempre alguien llega antes que yo. Audio Oremos por las personas que &#8230; <span class=\"more\"><a class=\"more-link\" href=\"https:\/\/immar-amaxac.org\/wp\/blog\/2022\/07\/28\/devocional-matutino-28-de-julio-de-2022\/\">[Read more&#8230;]<\/a><\/span><!-- AddThis Advanced Settings generic via filter on get_the_excerpt --><!-- AddThis Share Buttons generic via filter on get_the_excerpt --><\/p>\n","protected":false},"author":1,"featured_media":0,"comment_status":"closed","ping_status":"closed","sticky":false,"template":"","format":"standard","meta":{"footnotes":""},"categories":[40],"tags":[39],"class_list":{"0":"entry","1":"post","2":"publish","3":"author-hiramtc","4":"post-1191","6":"format-standard","7":"category-devmat","8":"post_tag-devocionalmatutino"},"_links":{"self":[{"href":"https:\/\/immar-amaxac.org\/wp\/wp-json\/wp\/v2\/posts\/1191","targetHints":{"allow":["GET"]}}],"collection":[{"href":"https:\/\/immar-amaxac.org\/wp\/wp-json\/wp\/v2\/posts"}],"about":[{"href":"https:\/\/immar-amaxac.org\/wp\/wp-json\/wp\/v2\/types\/post"}],"author":[{"embeddable":true,"href":"https:\/\/immar-amaxac.org\/wp\/wp-json\/wp\/v2\/users\/1"}],"replies":[{"embeddable":true,"href":"https:\/\/immar-amaxac.org\/wp\/wp-json\/wp\/v2\/comments?post=1191"}],"version-history":[{"count":1,"href":"https:\/\/immar-amaxac.org\/wp\/wp-json\/wp\/v2\/posts\/1191\/revisions"}],"predecessor-version":[{"id":1192,"href":"https:\/\/immar-amaxac.org\/wp\/wp-json\/wp\/v2\/posts\/1191\/revisions\/1192"}],"wp:attachment":[{"href":"https:\/\/immar-amaxac.org\/wp\/wp-json\/wp\/v2\/media?parent=1191"}],"wp:term":[{"taxonomy":"category","embeddable":true,"href":"https:\/\/immar-amaxac.org\/wp\/wp-json\/wp\/v2\/categories?post=1191"},{"taxonomy":"post_tag","embeddable":true,"href":"https:\/\/immar-amaxac.org\/wp\/wp-json\/wp\/v2\/tags?post=1191"}],"curies":[{"name":"wp","href":"https:\/\/api.w.org\/{rel}","templated":true}]}}